{"id":50,"date":"2016-02-14T08:47:08","date_gmt":"2016-02-14T07:47:08","guid":{"rendered":"http:\/\/nieder-mit-hitler.de\/?p=50"},"modified":"2016-04-05T12:35:12","modified_gmt":"2016-04-05T10:35:12","slug":"helmut-emmerich","status":"publish","type":"post","link":"http:\/\/nieder-mit-hitler.de\/index.php\/2016\/02\/14\/helmut-emmerich\/","title":{"rendered":"Helmut Emmerich"},"content":{"rendered":"<p>(*1928 in Hermeskeil, Kreis Trier)<\/p>\n<h4>Er nimmt an Treffen der Widerstandsgruppe teil und hilft bei der Flugblattaktion.<\/h4>\n<p>&nbsp;<\/p>\n<p>Helmut Emmerich wird 1928 geboren und w\u00e4chst in einem katholisch gepr\u00e4gten Elternhaus auf. Sein Vater ist zudem gewerkschaftlich organisiert und verliert seine Anstellung bei der Eisenbahn, da er als \u201enational unzuverl\u00e4ssig\u201c gilt. Gemeinsam mit seiner Familie zieht Helmut Emmerich im Jahr 1934 nach Erfurt. Er besucht die Volksschule und ist Mitglied in der Hitlerjugend. Ab 1942 geht Emmerich auf die St\u00e4dtische Handelsschule in die Klasse H1a. Laut den Prozessakten \u00fcberzeugen Jochen Bock und Joachim Nerke den zun\u00e4chst unentschlossenen Emmerich, Teil der Widerstandsgruppe zu werden. Er nimmt an Treffen der Gruppe teil und diskutiert mit den anderen die oppositionellen Ideen des Nationalkomitees \u201eFreies Deutschland\u201c. An der Flugblattaktion ist Emmerich ebenfalls beteiligt. Am 2. Juni 1944 wird er als sogenannter \u201eMitl\u00e4ufer\u201c zu sechs Monaten Jugendgef\u00e4ngnis verurteilt. Aufgrund der Dauer der Untersuchungshaft von knapp neun Monaten wird er direkt nach dem Urteilsspruch aus dem Gef\u00e4ngnis an der Andreasstra\u00dfe entlassen.<\/p>\n<p>Nach seiner Haft findet Emmerich eine Lehrstelle in einem K\u00e4ltetechnik-Unternehmen in Erfurt. Im November 1944 wird er zur Wehrmacht eingezogen und ger\u00e4t in Sachsen in sowjetische Gefangenschaft, von dort kann er nach Erfurt entkommen. Ab 1946 ist Emmerich Mitglied der CDU. Gemeinsam mit seiner Frau und den beiden S\u00f6hnen flieht er 1954 in den Westen. In N\u00fcrnberg gr\u00fcndet Emmerich 1962 ein Unternehmen f\u00fcr K\u00fchlm\u00f6bel und wird sp\u00e4ter Mitglied der CSU. Nach dem Mauerfall er\u00f6ffnet Emmerich auch eine Filiale in Erfurt und organisiert dort Ausbildungspl\u00e4tze f\u00fcr Jugendliche. 2014 stirbt Helmut Emmerich in F\u00fcrth.<\/p>\n<p>&nbsp;<\/p>\n","protected":false},"excerpt":{"rendered":"<p>(*1928 in Hermeskeil, Kreis Trier) Er nimmt an Treffen der Widerstandsgruppe teil und hilft bei der Flugblattaktion. &nbsp; Helmut Emmerich wird 1928 geboren und w\u00e4chst in einem katholisch gepr\u00e4gten Elternhaus auf. Sein Vater ist zudem gewerkschaftlich organisiert und verliert seine Anstellung bei der Eisenbahn, da er als \u201enational unzuverl\u00e4ssig\u201c gilt. Gemeinsam mit seiner Familie zieht [&hellip;]<\/p>\n","protected":false},"author":1,"featured_media":323,"comment_status":"open","ping_status":"open","sticky":false,"template":"","format":"aside","meta":[],"categories":[5],"tags":[],"_links":{"self":[{"href":"http:\/\/nieder-mit-hitler.de\/index.php\/wp-json\/wp\/v2\/posts\/50"}],"collection":[{"href":"http:\/\/nieder-mit-hitler.de\/index.php\/wp-json\/wp\/v2\/posts"}],"about":[{"href":"http:\/\/nieder-mit-hitler.de\/index.php\/wp-json\/wp\/v2\/types\/post"}],"author":[{"embeddable":true,"href":"http:\/\/nieder-mit-hitler.de\/index.php\/wp-json\/wp\/v2\/users\/1"}],"replies":[{"embeddable":true,"href":"http:\/\/nieder-mit-hitler.de\/index.php\/wp-json\/wp\/v2\/comments?post=50"}],"version-history":[{"count":8,"href":"http:\/\/nieder-mit-hitler.de\/index.php\/wp-json\/wp\/v2\/posts\/50\/revisions"}],"predecessor-version":[{"id":286,"href":"http:\/\/nieder-mit-hitler.de\/index.php\/wp-json\/wp\/v2\/posts\/50\/revisions\/286"}],"wp:featuredmedia":[{"embeddable":true,"href":"http:\/\/nieder-mit-hitler.de\/index.php\/wp-json\/wp\/v2\/media\/323"}],"wp:attachment":[{"href":"http:\/\/nieder-mit-hitler.de\/index.php\/wp-json\/wp\/v2\/media?parent=50"}],"wp:term":[{"taxonomy":"category","embeddable":true,"href":"http:\/\/nieder-mit-hitler.de\/index.php\/wp-json\/wp\/v2\/categories?post=50"},{"taxonomy":"post_tag","embeddable":true,"href":"http:\/\/nieder-mit-hitler.de\/index.php\/wp-json\/wp\/v2\/tags?post=50"}],"curies":[{"name":"wp","href":"https:\/\/api.w.org\/{rel}","templated":true}]}}