{"id":40,"date":"2016-02-14T08:39:29","date_gmt":"2016-02-14T07:39:29","guid":{"rendered":"http:\/\/nieder-mit-hitler.de\/?p=40"},"modified":"2016-04-05T12:35:59","modified_gmt":"2016-04-05T10:35:59","slug":"gerd-bergmann","status":"publish","type":"post","link":"http:\/\/nieder-mit-hitler.de\/index.php\/2016\/02\/14\/gerd-bergmann\/","title":{"rendered":"Gerd Bergmann"},"content":{"rendered":"<p>(*1928 in Gro\u00dfrudestedt)<\/p>\n<h4>Er will die Gruppe zun\u00e4chst auffliegen lassen, wird dann aber selbst zum Mitglied.<\/h4>\n<p>&nbsp;<\/p>\n<p>Gerd Bergmann ist der \u00e4lteste von zwei S\u00f6hnen eines Textilkaufmannes. Ab 1938 geh\u00f6rt er dem Jungvolk, sp\u00e4ter der Hitlerjugend an. Bergmann besucht seit Ostern 1942 die Handelsschule in Erfurt. In der Anklageschrift wird er als \u201eruhig und zur\u00fcckhaltend\u201c charakterisiert. Als Bock ihn \u00fcberzeugen will, sich an der Widerstandsgruppe zu beteiligen, hat Bergmann Zweifel. Laut der Prozessakten kommt es zu einem Streit, in dem er mit einer Anzeige bei der Gestapo droht. Letztlich wird Bergmann aber selbst Teil der Widerstandsgruppe um Bock. Er soll Flugbl\u00e4tter abgeschrieben und um neue Mitglieder geworben haben. Am 16. September 1943 wird Bergmann von der Gestapo festgenommen. Das Oberlandesgericht Kassel sieht ihn als sogenannten \u201eMitl\u00e4ufer\u201c in der Widerstandsgruppe, sodass er wie Emmerich zu sechs Monaten Jugendgef\u00e4ngnis verurteilt wird. Aufgrund der langen Untersuchungshaft im Gef\u00e4ngnis an der Andreasstra\u00dfe, die man ihm anrechnet, kommt Bergmann am Tag der Urteilsverk\u00fcndung frei.<\/p>\n<p>Nach einem kurzen Arbeitsdienst wird Bergmann zur Wehrmacht eingezogen und ger\u00e4t in amerikanische Kriegsgefangenschaft. 1945 wird er Mitglied der KPD, sp\u00e4ter dann der SED. Als promovierter Jurist ist Bergmann Vorsitzender des Kollegiums der Rechtsanw\u00e4lte im Bezirk Erfurt. Er verfasst bereits 1947 den unver\u00f6ffentlichten Roman \u201eFreiheitsk\u00e4mpfer\u201c, der sich mit dem Wirken der Widerstandsgruppe befasst. Gerd Bergmann stirbt 2011.<\/p>\n<p>&nbsp;<\/p>\n","protected":false},"excerpt":{"rendered":"<p>(*1928 in Gro\u00dfrudestedt) Er will die Gruppe zun\u00e4chst auffliegen lassen, wird dann aber selbst zum Mitglied. &nbsp; Gerd Bergmann ist der \u00e4lteste von zwei S\u00f6hnen eines Textilkaufmannes. Ab 1938 geh\u00f6rt er dem Jungvolk, sp\u00e4ter der Hitlerjugend an. Bergmann besucht seit Ostern 1942 die Handelsschule in Erfurt. In der Anklageschrift wird er als \u201eruhig und zur\u00fcckhaltend\u201c [&hellip;]<\/p>\n","protected":false},"author":1,"featured_media":275,"comment_status":"open","ping_status":"open","sticky":false,"template":"","format":"aside","meta":[],"categories":[5],"tags":[],"_links":{"self":[{"href":"http:\/\/nieder-mit-hitler.de\/index.php\/wp-json\/wp\/v2\/posts\/40"}],"collection":[{"href":"http:\/\/nieder-mit-hitler.de\/index.php\/wp-json\/wp\/v2\/posts"}],"about":[{"href":"http:\/\/nieder-mit-hitler.de\/index.php\/wp-json\/wp\/v2\/types\/post"}],"author":[{"embeddable":true,"href":"http:\/\/nieder-mit-hitler.de\/index.php\/wp-json\/wp\/v2\/users\/1"}],"replies":[{"embeddable":true,"href":"http:\/\/nieder-mit-hitler.de\/index.php\/wp-json\/wp\/v2\/comments?post=40"}],"version-history":[{"count":10,"href":"http:\/\/nieder-mit-hitler.de\/index.php\/wp-json\/wp\/v2\/posts\/40\/revisions"}],"predecessor-version":[{"id":287,"href":"http:\/\/nieder-mit-hitler.de\/index.php\/wp-json\/wp\/v2\/posts\/40\/revisions\/287"}],"wp:featuredmedia":[{"embeddable":true,"href":"http:\/\/nieder-mit-hitler.de\/index.php\/wp-json\/wp\/v2\/media\/275"}],"wp:attachment":[{"href":"http:\/\/nieder-mit-hitler.de\/index.php\/wp-json\/wp\/v2\/media?parent=40"}],"wp:term":[{"taxonomy":"category","embeddable":true,"href":"http:\/\/nieder-mit-hitler.de\/index.php\/wp-json\/wp\/v2\/categories?post=40"},{"taxonomy":"post_tag","embeddable":true,"href":"http:\/\/nieder-mit-hitler.de\/index.php\/wp-json\/wp\/v2\/tags?post=40"}],"curies":[{"name":"wp","href":"https:\/\/api.w.org\/{rel}","templated":true}]}}